{"id":1797,"date":"2022-07-27T18:24:31","date_gmt":"2022-07-27T18:24:31","guid":{"rendered":"https:\/\/kaffee-kueche-kante.de\/?p=1797"},"modified":"2024-12-15T19:32:17","modified_gmt":"2024-12-15T19:32:17","slug":"hallo-barista-2","status":"publish","type":"post","link":"https:\/\/kaffee-kueche-kante.de\/?p=1797","title":{"rendered":"Hallo BARISTA"},"content":{"rendered":"\t\t<div data-elementor-type=\"wp-post\" data-elementor-id=\"1797\" class=\"elementor elementor-1797\">\n\t\t\t\t\t\t\t\t\t<section class=\"elementor-section elementor-top-section elementor-element elementor-element-3554bc62 elementor-section-boxed elementor-section-height-default elementor-section-height-default wpr-particle-no wpr-jarallax-no wpr-parallax-no wpr-sticky-section-no\" data-id=\"3554bc62\" data-element_type=\"section\">\n\t\t\t\t\t\t<div class=\"elementor-container elementor-column-gap-default\">\n\t\t\t\t\t<div class=\"elementor-column elementor-col-100 elementor-top-column elementor-element elementor-element-bdb6c1e\" data-id=\"bdb6c1e\" data-element_type=\"column\">\n\t\t\t<div class=\"elementor-widget-wrap elementor-element-populated\">\n\t\t\t\t\t\t\t\t<div class=\"elementor-element elementor-element-435d573e elementor-widget elementor-widget-text-editor\" data-id=\"435d573e\" data-element_type=\"widget\" data-widget_type=\"text-editor.default\">\n\t\t\t\t<div class=\"elementor-widget-container\">\n\t\t\t<style>\/*! elementor - v3.15.0 - 20-08-2023 *\/\n.elementor-widget-text-editor.elementor-drop-cap-view-stacked .elementor-drop-cap{background-color:#69727d;color:#fff}.elementor-widget-text-editor.elementor-drop-cap-view-framed .elementor-drop-cap{color:#69727d;border:3px solid;background-color:transparent}.elementor-widget-text-editor:not(.elementor-drop-cap-view-default) .elementor-drop-cap{margin-top:8px}.elementor-widget-text-editor:not(.elementor-drop-cap-view-default) .elementor-drop-cap-letter{width:1em;height:1em}.elementor-widget-text-editor .elementor-drop-cap{float:left;text-align:center;line-height:1;font-size:50px}.elementor-widget-text-editor .elementor-drop-cap-letter{display:inline-block}<\/style>\t\t\t\t<p><!-- wp:tadv\/classic-paragraph --><\/p>\n<p><span style=\"color: #000000;\">Liebe Interessenten,<\/span><\/p>\n<p><span style=\"color: #000000;\">derzeit finden leider keine Baristakurse statt, da uns im Unternehmen leider die Manpower fehlt um weitere Baristakurse anzubieten.<\/span><\/p>\n<p><span style=\"color: #000000;\">Sowie wir neue Kr\u00e4fte geb\u00fcndelt haben, werden wir neue Termine f\u00fcr Baristakurse auf unseren Webseiten mit euch teilen.<\/span><\/p>\n<p><span style=\"color: #000000;\">Wir bitten um euer Verst\u00e4ndnis.<\/span><\/p>\n<p>Aufgrund der begrenzten Teilnehmerzahl von 6 Personen stellen wir f\u00fcr unsere Baristakurse keine Gutscheine aus. Sobald neue Termine f\u00fcr unsere Baristakurse feststehen, haben Sie die M\u00f6glichkeit Tickets verbindlich in der KAFFEE.K\u00dcCHE.KANTE. als auch im LIEBST\u00d6cKEL zu kaufen. Die Teilnahmegeb\u00fchr betr\u00e4gt 90,00\u20ac pro Person. Bitte ber\u00fccksichtigen Sie, dass nur Barzahlung oder \u00dcberweisung m\u00f6glich ist.<\/p>\n<p><span style=\"color: #800000;\">Der Kurs beginnt um 9.30 Uhr in der\u00a0<strong>KAFFEE.K\u00dcCHE.KANTE. , Ernst-Ruska-Ring 9a<\/strong>, 07745 Jena\/ G\u00f6schwitz und endet erfahrungsgem\u00e4\u00df gegen 15.30 Uhr.<\/span><\/p>\n<p>F\u00fcr Essen und Trinken ist gesorgt.<\/p>\n<p><!-- \/wp:tadv\/classic-paragraph --><\/p>\t\t\t\t\t\t<\/div>\n\t\t\t\t<\/div>\n\t\t\t\t\t<\/div>\n\t\t<\/div>\n\t\t\t\t\t\t\t<\/div>\n\t\t<\/section>\n\t\t\t\t<section class=\"elementor-section elementor-top-section elementor-element elementor-element-081b863 elementor-section-boxed elementor-section-height-default elementor-section-height-default wpr-particle-no wpr-jarallax-no wpr-parallax-no wpr-sticky-section-no\" data-id=\"081b863\" data-element_type=\"section\">\n\t\t\t\t\t\t<div class=\"elementor-container elementor-column-gap-default\">\n\t\t\t\t\t<div class=\"elementor-column elementor-col-100 elementor-top-column elementor-element elementor-element-20b78ef\" data-id=\"20b78ef\" data-element_type=\"column\">\n\t\t\t<div class=\"elementor-widget-wrap elementor-element-populated\">\n\t\t\t\t\t\t\t\t<div class=\"elementor-element elementor-element-ad18a71 elementor-widget elementor-widget-text-editor\" data-id=\"ad18a71\" data-element_type=\"widget\" data-widget_type=\"text-editor.default\">\n\t\t\t\t<div class=\"elementor-widget-container\">\n\t\t\t\t\t\t\t<h5 class=\"entry-title\" style=\"text-align: center;\"><span style=\"color: #000000;\">Auf dem Weg zur\/zum Barista<\/span><\/h5>\n<hr \/>\n<p>Liebe Kaffeetrinker\/innen,<\/p>\n<p>mit diesem Angebot bieten wir Laien und Profis die M\u00f6glichkeit, dem Kaffeesatz auf den Grund zu gehen. Die notwendige Theorie und die schmackhafte Praxis wollen wir gemeinsam in einem kurzweiligen, aber intensiven <span style=\"color: #000000;\"><strong>Tageskurs<\/strong> <\/span>zum Thema machen.<\/p>\n<p>Bei einer maximalen Teilnehmerzahl von 6 Personen\u00a0bleibt Zeit f\u00fcr individuelle W\u00fcnsche bzw. eine individuelle Themenvertiefung. Am Ende des Kurses sollen Sie je nach Vorkenntnissen das <strong><span style=\"color: #000000;\">Handwerk des Barista\/der Barista<\/span><\/strong> nicht in Perfektion, aber mit solider Profession beherrschen.<\/p>\n<p><em><span style=\"color: #000000;\"><strong>Themen:<\/strong><\/span>\u00a0<\/em><\/p>\n<div><span style=\"color: #000000;\">\u2022\u00a0Kaffeewissen (Anbaul\u00e4nder\/Rohkaffee\/Zubereitungsarten\/Maschinenkunde)<\/span><\/div>\n<div><span style=\"color: #000000;\">\u2022 Espresso<\/span><\/div>\n<div><span style=\"color: #000000;\">\u2022 Filterkaffee<\/span><\/div>\n<div><span style=\"color: #000000;\">\u2022 Milchschaum\/Latte Art<\/span><\/div>\n<div>\u00a0<\/div>\n<div><hr \/><\/div>\n<div><span style=\"color: #000000;\">Zeitrahmen: 9:30 Uhr bis ca. 15:30 Uhr<\/span><\/div>\n<div>\u00a0<\/div>\n<div>\n<p><span style=\"color: #000000;\">Mindestteilnehmerzahl:\u00a0\u00a0\u00a0\u00a0\u00a0\u00a0\u00a0\u00a0\u00a0\u00a0\u00a0\u00a0\u00a0 4<\/span><br \/><span style=\"color: #000000;\">Maximale Teilnehmerzahl:\u00a0\u00a0\u00a0\u00a0\u00a0\u00a0\u00a0\u00a0 6<\/span><br \/><span style=\"color: #000000;\">Preis pro Person:\u00a0\u00a0\u00a0 \u00a0 \u00a0 \u00a0 \u00a0 \u00a0 \u00a0 \u00a0 \u00a0 \u00a0 \u00a0 \u00a0 90,00\u20ac<\/span><\/p>\n<\/div>\t\t\t\t\t\t<\/div>\n\t\t\t\t<\/div>\n\t\t\t\t\t<\/div>\n\t\t<\/div>\n\t\t\t\t\t\t\t<\/div>\n\t\t<\/section>\n\t\t\t\t<section class=\"elementor-section elementor-top-section elementor-element elementor-element-e859361 elementor-section-boxed elementor-section-height-default elementor-section-height-default wpr-particle-no wpr-jarallax-no wpr-parallax-no wpr-sticky-section-no\" data-id=\"e859361\" data-element_type=\"section\">\n\t\t\t\t\t\t<div class=\"elementor-container elementor-column-gap-default\">\n\t\t\t\t\t<div class=\"elementor-column elementor-col-100 elementor-top-column elementor-element elementor-element-b4fb9ad\" data-id=\"b4fb9ad\" data-element_type=\"column\">\n\t\t\t<div class=\"elementor-widget-wrap elementor-element-populated\">\n\t\t\t\t\t\t\t\t<div class=\"elementor-element elementor-element-b2b7ac4 elementor-widget elementor-widget-text-editor\" data-id=\"b2b7ac4\" data-element_type=\"widget\" data-widget_type=\"text-editor.default\">\n\t\t\t\t<div class=\"elementor-widget-container\">\n\t\t\t\t\t\t\t<h4 style=\"text-align: center;\"><strong>Unsere Kaffeeprofession<\/strong><\/h4>\n<h6 style=\"text-align: center;\">KAFFEE.\u00a0<span style=\"color: #000000;\">Jeder trinkt ihn, keiner kennt ihn.<\/span><\/h6>\n<p style=\"text-align: left;\">Nichts wird h\u00e4ufiger getrunken als Kaffee. Nichts pflegt mehr reale soziale Kontakte als Kaffee.<\/p>\n<p><span style=\"color: #000000;\">Thomas G\u00fcnther &#8211; vom leidenschaftlichen Kaffeetrinker und Kaffeeliebhaber zum Kaffeeprofi<\/span><\/p>\n<p>W\u00e4hrend seines Studiums viel, sehr viel Kaffee getrunken (immer schwarz und ohne Zucker). In dieser Zeit das Suchtpotenzial von Kaffee erkannt und neben der Praxis des Kaffee Zubereitens und Kaffeetrinkens angefangen sich theoretisch in die Thematik zu vertiefen.<\/p>\n<p>Nach Abschluss des Studiums 2003 auch Schluss mit der Kaffeesatzleserei und Einstieg als Kaffeeprofi. Existenzgr\u00fcndung in G\u00f6rlitz mit der Espressobar Kaffee Kr\u00e4nzel. Zusammenarbeit mit ILLY. Februar 2008 Ausbildung zum Maestro dell`Espresso an der Universita del Caff\u00e8. Danach Verkauf der Espressobar und Einstieg beim Sueddeutschen Verlag \/ Chicco di Caff\u00e8 in M\u00fcnchen als verantwortlicher \u00a0Barista. Im April 2009 Ausbildung am \u00d6sterreichischen Institut f\u00fcr Kaffee in Wien zum Kaffee-Experten (offizielle Berufsbezeichnung). Danach Ausbildung im Training Center der PROBAT-WERKE \/ Emmerich an der Kaffeer\u00f6stmaschine. Januar 2016 Besuch mehrerer Kaffeeplantagen in Tansania. Rohkaffeeschulung.\u00a0 Abschlie\u00dfender Lehrgang im Februar 2016 bei OZ Caffe in Wassenberg.<\/p>\n<p>Und immer gab es Kaffee\u2026<\/p>\n<p>Mein derzeitiger Lieblingskaffee:\u00a0 KENIA AA (R\u00f6stung aus der KAFFEE.KANTE.), frisch gemahlen, mit etwas weniger als 90\u00b0 Celsius Wassertemperatur \u00fcber die Bayreuther Kanne zubereitet.<\/p>\n<p>Noch Fragen zum Thema? Her damit oder an unserem Baristakurs teilnehmen.<\/p>\t\t\t\t\t\t<\/div>\n\t\t\t\t<\/div>\n\t\t\t\t\t<\/div>\n\t\t<\/div>\n\t\t\t\t\t\t\t<\/div>\n\t\t<\/section>\n\t\t\t\t\t\t\t<\/div>\n\t\t","protected":false},"excerpt":{"rendered":"<p>Liebe Interessenten, derzeit finden leider keine Baristakurse statt, da uns im Unternehmen leider die Manpower fehlt um weitere Baristakurse anzubieten. Sowie wir neue Kr\u00e4fte geb\u00fcndelt haben, werden wir neue Termine f\u00fcr Baristakurse auf unseren Webseiten mit euch teilen. Wir bitten um euer Verst\u00e4ndnis. Aufgrund der begrenzten Teilnehmerzahl von 6 Personen stellen wir f\u00fcr unsere Baristakurse keine Gutscheine aus. Sobald neue Termine f\u00fcr unsere Baristakurse feststehen, haben Sie die M\u00f6glichkeit Tickets verbindlich in der KAFFEE.K\u00dcCHE.KANTE. als auch im LIEBST\u00d6cKEL zu kaufen. Die Teilnahmegeb\u00fchr betr\u00e4gt 90,00\u20ac pro Person. Bitte ber\u00fccksichtigen Sie, dass nur Barzahlung oder \u00dcberweisung m\u00f6glich ist. Der Kurs beginnt um 9.30 Uhr in der\u00a0KAFFEE.K\u00dcCHE.KANTE. , Ernst-Ruska-Ring 9a, 07745 Jena\/ G\u00f6schwitz und endet erfahrungsgem\u00e4\u00df gegen 15.30 Uhr. F\u00fcr Essen und Trinken ist gesorgt. Auf dem Weg zur\/zum Barista Liebe Kaffeetrinker\/innen, mit diesem Angebot bieten wir Laien und Profis die M\u00f6glichkeit, dem Kaffeesatz auf den Grund zu gehen. Die notwendige Theorie und die schmackhafte Praxis wollen wir gemeinsam in einem kurzweiligen, aber intensiven Tageskurs zum Thema machen. Bei einer maximalen Teilnehmerzahl von 6 Personen\u00a0bleibt Zeit f\u00fcr individuelle W\u00fcnsche bzw. eine individuelle Themenvertiefung. Am Ende des Kurses sollen Sie je nach Vorkenntnissen das Handwerk des Barista\/der Barista nicht in Perfektion, aber mit solider Profession beherrschen. Themen:\u00a0 \u2022\u00a0Kaffeewissen (Anbaul\u00e4nder\/Rohkaffee\/Zubereitungsarten\/Maschinenkunde) \u2022 Espresso \u2022 Filterkaffee \u2022 Milchschaum\/Latte Art \u00a0 Zeitrahmen: 9:30 Uhr bis ca. 15:30 Uhr \u00a0 Mindestteilnehmerzahl:\u00a0\u00a0\u00a0\u00a0\u00a0\u00a0\u00a0\u00a0\u00a0\u00a0\u00a0\u00a0\u00a0 4Maximale Teilnehmerzahl:\u00a0\u00a0\u00a0\u00a0\u00a0\u00a0\u00a0\u00a0 6Preis pro Person:\u00a0\u00a0\u00a0 \u00a0 \u00a0 \u00a0 \u00a0 \u00a0 \u00a0 \u00a0 \u00a0 \u00a0 \u00a0 \u00a0 90,00\u20ac Unsere Kaffeeprofession KAFFEE.\u00a0Jeder trinkt ihn, keiner kennt ihn. Nichts wird h\u00e4ufiger getrunken als Kaffee. Nichts pflegt mehr reale soziale Kontakte als Kaffee. Thomas G\u00fcnther &#8211; vom leidenschaftlichen Kaffeetrinker und Kaffeeliebhaber zum Kaffeeprofi W\u00e4hrend seines Studiums viel, sehr viel Kaffee getrunken (immer schwarz und ohne Zucker). In dieser Zeit das Suchtpotenzial von Kaffee erkannt und neben der Praxis des Kaffee Zubereitens und Kaffeetrinkens angefangen sich theoretisch in die Thematik zu vertiefen. Nach Abschluss des Studiums 2003 auch Schluss mit der Kaffeesatzleserei und Einstieg als Kaffeeprofi. Existenzgr\u00fcndung in G\u00f6rlitz mit der Espressobar Kaffee Kr\u00e4nzel. Zusammenarbeit mit ILLY. Februar 2008 Ausbildung zum Maestro dell`Espresso an der Universita del Caff\u00e8. Danach Verkauf der Espressobar und Einstieg beim Sueddeutschen Verlag \/ Chicco di Caff\u00e8 in M\u00fcnchen als verantwortlicher \u00a0Barista. Im April 2009 Ausbildung am \u00d6sterreichischen Institut f\u00fcr Kaffee in Wien zum Kaffee-Experten (offizielle Berufsbezeichnung). Danach Ausbildung im Training Center der PROBAT-WERKE \/ Emmerich an der Kaffeer\u00f6stmaschine. Januar 2016 Besuch mehrerer Kaffeeplantagen in Tansania. Rohkaffeeschulung.\u00a0 Abschlie\u00dfender Lehrgang im Februar 2016 bei OZ Caffe in Wassenberg. Und immer gab es Kaffee\u2026 Mein derzeitiger Lieblingskaffee:\u00a0 KENIA AA (R\u00f6stung aus der KAFFEE.KANTE.), frisch gemahlen, mit etwas weniger als 90\u00b0 Celsius Wassertemperatur \u00fcber die Bayreuther Kanne zubereitet. Noch Fragen zum Thema? Her damit oder an unserem Baristakurs teilnehmen.<\/p>\n","protected":false},"author":1,"featured_media":1834,"comment_status":"closed","ping_status":"closed","sticky":false,"template":"","format":"standard","meta":{"footnotes":""},"categories":[16],"tags":[],"class_list":["post-1797","post","type-post","status-publish","format-standard","has-post-thumbnail","hentry","category-hallo-barista"],"acf":[],"_links":{"self":[{"href":"https:\/\/kaffee-kueche-kante.de\/index.php?rest_route=\/wp\/v2\/posts\/1797","targetHints":{"allow":["GET"]}}],"collection":[{"href":"https:\/\/kaffee-kueche-kante.de\/index.php?rest_route=\/wp\/v2\/posts"}],"about":[{"href":"https:\/\/kaffee-kueche-kante.de\/index.php?rest_route=\/wp\/v2\/types\/post"}],"author":[{"embeddable":true,"href":"https:\/\/kaffee-kueche-kante.de\/index.php?rest_route=\/wp\/v2\/users\/1"}],"replies":[{"embeddable":true,"href":"https:\/\/kaffee-kueche-kante.de\/index.php?rest_route=%2Fwp%2Fv2%2Fcomments&post=1797"}],"version-history":[{"count":143,"href":"https:\/\/kaffee-kueche-kante.de\/index.php?rest_route=\/wp\/v2\/posts\/1797\/revisions"}],"predecessor-version":[{"id":3473,"href":"https:\/\/kaffee-kueche-kante.de\/index.php?rest_route=\/wp\/v2\/posts\/1797\/revisions\/3473"}],"wp:featuredmedia":[{"embeddable":true,"href":"https:\/\/kaffee-kueche-kante.de\/index.php?rest_route=\/wp\/v2\/media\/1834"}],"wp:attachment":[{"href":"https:\/\/kaffee-kueche-kante.de\/index.php?rest_route=%2Fwp%2Fv2%2Fmedia&parent=1797"}],"wp:term":[{"taxonomy":"category","embeddable":true,"href":"https:\/\/kaffee-kueche-kante.de\/index.php?rest_route=%2Fwp%2Fv2%2Fcategories&post=1797"},{"taxonomy":"post_tag","embeddable":true,"href":"https:\/\/kaffee-kueche-kante.de\/index.php?rest_route=%2Fwp%2Fv2%2Ftags&post=1797"}],"curies":[{"name":"wp","href":"https:\/\/api.w.org\/{rel}","templated":true}]}}